{"id":1748,"date":"2013-05-29T11:27:31","date_gmt":"2013-05-29T09:27:31","guid":{"rendered":"http:\/\/sotrafa.com\/?p=1640\/"},"modified":"2018-03-02T14:48:42","modified_gmt":"2018-03-02T13:48:42","slug":"the-mayor-of-our-village-el-ejido-visited-sotrafa","status":"publish","type":"post","link":"https:\/\/sotrafa.com\/en\/the-mayor-of-our-village-el-ejido-visited-sotrafa\/","title":{"rendered":"The mayor of our village, El Ejido, visited Sotrafa"},"content":{"rendered":"<div class=\"itemFullText\">\n<p>The mayor of our village, El Ejido, visited SOTRAFA and the local press informed about it.<\/p>\n<p>The mayor was accompanied by the Agriculture and Public Works councillors. They had the opportunity to see the company premises with the director of the company, Vicente Cejas, in charge of guiding the visit through the factory and control quality department.<\/p>\n<p>Gongora made a special mention to the company production, which exports half-away around the world a wide range of films for agriculture and horticulture, as well as for geosynthetics sector.<\/p>\n<\/div>\n","protected":false},"excerpt":{"rendered":"<p>The mayor of our village, El Ejido, visited SOTRAFA and the local press informed about it. The mayor was accompanied by the Agriculture and Public Works councillors. They had the opportunity to see the company premises with the director of  [&#8230;]<\/p>\n","protected":false},"author":4,"featured_media":2536,"comment_status":"open","ping_status":"open","sticky":false,"template":"","format":"standard","meta":{"footnotes":""},"categories":[34],"tags":[],"class_list":["post-1748","post","type-post","status-publish","format-standard","has-post-thumbnail","hentry","category-sin-categorizar"],"yoast_head":"<!-- This site is optimized with the Yoast SEO plugin v27.3 - https:\/\/yoast.com\/product\/yoast-seo-wordpress\/ -->\n<title>The mayor of our village, El Ejido, visited Sotrafa - Sotrafa<\/title>\n<meta name=\"robots\" content=\"index, follow, max-snippet:-1, max-image-preview:large, max-video-preview:-1\" \/>\n<link rel=\"canonical\" href=\"https:\/\/sotrafa.com\/en\/the-mayor-of-our-village-el-ejido-visited-sotrafa\/\" \/>\n<meta property=\"og:locale\" content=\"en_US\" \/>\n<meta property=\"og:type\" content=\"article\" \/>\n<meta property=\"og:title\" content=\"The mayor of our village, El Ejido, visited Sotrafa - Sotrafa\" \/>\n<meta property=\"og:description\" content=\"The mayor of our village, El Ejido, visited SOTRAFA and the local press informed about it. The mayor was accompanied by the Agriculture and Public Works councillors. They had the opportunity to see the company premises with the director of [...]\" \/>\n<meta property=\"og:url\" content=\"https:\/\/sotrafa.com\/en\/the-mayor-of-our-village-el-ejido-visited-sotrafa\/\" \/>\n<meta property=\"og:site_name\" content=\"Sotrafa\" \/>\n<meta property=\"article:published_time\" content=\"2013-05-29T09:27:31+00:00\" \/>\n<meta property=\"article:modified_time\" content=\"2018-03-02T13:48:42+00:00\" \/>\n<meta property=\"og:image\" content=\"https:\/\/sotrafa.com\/wp-content\/uploads\/2017\/05\/Alcade_Ejido.jpeg\" \/>\n\t<meta property=\"og:image:width\" content=\"900\" \/>\n\t<meta property=\"og:image:height\" content=\"600\" \/>\n\t<meta property=\"og:image:type\" content=\"image\/jpeg\" \/>\n<meta name=\"author\" content=\"sotrafa\" \/>\n<meta name=\"twitter:card\" content=\"summary_large_image\" \/>\n<meta name=\"twitter:label1\" content=\"Written by\" \/>\n\t<meta name=\"twitter:data1\" content=\"sotrafa\" \/>\n<script type=\"application\/ld+json\" class=\"yoast-schema-graph\">{\"@context\":\"https:\\\/\\\/schema.org\",\"@graph\":[{\"@type\":\"Article\",\"@id\":\"https:\\\/\\\/sotrafa.com\\\/en\\\/the-mayor-of-our-village-el-ejido-visited-sotrafa\\\/#article\",\"isPartOf\":{\"@id\":\"https:\\\/\\\/sotrafa.com\\\/en\\\/the-mayor-of-our-village-el-ejido-visited-sotrafa\\\/\"},\"author\":{\"name\":\"sotrafa\",\"@id\":\"https:\\\/\\\/sotrafa.com\\\/#\\\/schema\\\/person\\\/13f086d2ba82962c82a0e89144ebddc0\"},\"headline\":\"The mayor of our village, El Ejido, visited Sotrafa\",\"datePublished\":\"2013-05-29T09:27:31+00:00\",\"dateModified\":\"2018-03-02T13:48:42+00:00\",\"mainEntityOfPage\":{\"@id\":\"https:\\\/\\\/sotrafa.com\\\/en\\\/the-mayor-of-our-village-el-ejido-visited-sotrafa\\\/\"},\"wordCount\":96,\"commentCount\":0,\"image\":{\"@id\":\"https:\\\/\\\/sotrafa.com\\\/en\\\/the-mayor-of-our-village-el-ejido-visited-sotrafa\\\/#primaryimage\"},\"thumbnailUrl\":\"https:\\\/\\\/sotrafa.com\\\/wp-content\\\/uploads\\\/2017\\\/05\\\/Alcade_Ejido.jpeg\",\"articleSection\":[\"Sin categorizar\"],\"inLanguage\":\"en\",\"potentialAction\":[{\"@type\":\"CommentAction\",\"name\":\"Comment\",\"target\":[\"https:\\\/\\\/sotrafa.com\\\/en\\\/the-mayor-of-our-village-el-ejido-visited-sotrafa\\\/#respond\"]}]},{\"@type\":\"WebPage\",\"@id\":\"https:\\\/\\\/sotrafa.com\\\/en\\\/the-mayor-of-our-village-el-ejido-visited-sotrafa\\\/\",\"url\":\"https:\\\/\\\/sotrafa.com\\\/en\\\/the-mayor-of-our-village-el-ejido-visited-sotrafa\\\/\",\"name\":\"The mayor of our village, El Ejido, visited Sotrafa - Sotrafa\",\"isPartOf\":{\"@id\":\"https:\\\/\\\/sotrafa.com\\\/#website\"},\"primaryImageOfPage\":{\"@id\":\"https:\\\/\\\/sotrafa.com\\\/en\\\/the-mayor-of-our-village-el-ejido-visited-sotrafa\\\/#primaryimage\"},\"image\":{\"@id\":\"https:\\\/\\\/sotrafa.com\\\/en\\\/the-mayor-of-our-village-el-ejido-visited-sotrafa\\\/#primaryimage\"},\"thumbnailUrl\":\"https:\\\/\\\/sotrafa.com\\\/wp-content\\\/uploads\\\/2017\\\/05\\\/Alcade_Ejido.jpeg\",\"datePublished\":\"2013-05-29T09:27:31+00:00\",\"dateModified\":\"2018-03-02T13:48:42+00:00\",\"author\":{\"@id\":\"https:\\\/\\\/sotrafa.com\\\/#\\\/schema\\\/person\\\/13f086d2ba82962c82a0e89144ebddc0\"},\"breadcrumb\":{\"@id\":\"https:\\\/\\\/sotrafa.com\\\/en\\\/the-mayor-of-our-village-el-ejido-visited-sotrafa\\\/#breadcrumb\"},\"inLanguage\":\"en\",\"potentialAction\":[{\"@type\":\"ReadAction\",\"target\":[\"https:\\\/\\\/sotrafa.com\\\/en\\\/the-mayor-of-our-village-el-ejido-visited-sotrafa\\\/\"]}]},{\"@type\":\"ImageObject\",\"inLanguage\":\"en\",\"@id\":\"https:\\\/\\\/sotrafa.com\\\/en\\\/the-mayor-of-our-village-el-ejido-visited-sotrafa\\\/#primaryimage\",\"url\":\"https:\\\/\\\/sotrafa.com\\\/wp-content\\\/uploads\\\/2017\\\/05\\\/Alcade_Ejido.jpeg\",\"contentUrl\":\"https:\\\/\\\/sotrafa.com\\\/wp-content\\\/uploads\\\/2017\\\/05\\\/Alcade_Ejido.jpeg\",\"width\":900,\"height\":600},{\"@type\":\"BreadcrumbList\",\"@id\":\"https:\\\/\\\/sotrafa.com\\\/en\\\/the-mayor-of-our-village-el-ejido-visited-sotrafa\\\/#breadcrumb\",\"itemListElement\":[{\"@type\":\"ListItem\",\"position\":1,\"name\":\"Home\",\"item\":\"https:\\\/\\\/sotrafa.com\\\/en\\\/\"},{\"@type\":\"ListItem\",\"position\":2,\"name\":\"The mayor of our village, El Ejido, visited Sotrafa\"}]},{\"@type\":\"WebSite\",\"@id\":\"https:\\\/\\\/sotrafa.com\\\/#website\",\"url\":\"https:\\\/\\\/sotrafa.com\\\/\",\"name\":\"Sotrafa\",\"description\":\"Producimos una amplia gama de Pl\u00e1sticos para uso agr\u00edcola y hort\u00edcola, ganadero, construcci\u00f3n, e impermeabilizaci\u00f3n.\",\"potentialAction\":[{\"@type\":\"SearchAction\",\"target\":{\"@type\":\"EntryPoint\",\"urlTemplate\":\"https:\\\/\\\/sotrafa.com\\\/?s={search_term_string}\"},\"query-input\":{\"@type\":\"PropertyValueSpecification\",\"valueRequired\":true,\"valueName\":\"search_term_string\"}}],\"inLanguage\":\"en\"},{\"@type\":\"Person\",\"@id\":\"https:\\\/\\\/sotrafa.com\\\/#\\\/schema\\\/person\\\/13f086d2ba82962c82a0e89144ebddc0\",\"name\":\"sotrafa\",\"url\":\"https:\\\/\\\/sotrafa.com\\\/en\\\/author\\\/sotrafa\\\/\"}]}<\/script>\n<!-- \/ Yoast SEO plugin. -->","yoast_head_json":{"title":"The mayor of our village, El Ejido, visited Sotrafa - Sotrafa","robots":{"index":"index","follow":"follow","max-snippet":"max-snippet:-1","max-image-preview":"max-image-preview:large","max-video-preview":"max-video-preview:-1"},"canonical":"https:\/\/sotrafa.com\/en\/the-mayor-of-our-village-el-ejido-visited-sotrafa\/","og_locale":"en_US","og_type":"article","og_title":"The mayor of our village, El Ejido, visited Sotrafa - Sotrafa","og_description":"The mayor of our village, El Ejido, visited SOTRAFA and the local press informed about it. The mayor was accompanied by the Agriculture and Public Works councillors. They had the opportunity to see the company premises with the director of [...]","og_url":"https:\/\/sotrafa.com\/en\/the-mayor-of-our-village-el-ejido-visited-sotrafa\/","og_site_name":"Sotrafa","article_published_time":"2013-05-29T09:27:31+00:00","article_modified_time":"2018-03-02T13:48:42+00:00","og_image":[{"width":900,"height":600,"url":"https:\/\/sotrafa.com\/wp-content\/uploads\/2017\/05\/Alcade_Ejido.jpeg","type":"image\/jpeg"}],"author":"sotrafa","twitter_card":"summary_large_image","twitter_misc":{"Written by":"sotrafa"},"schema":{"@context":"https:\/\/schema.org","@graph":[{"@type":"Article","@id":"https:\/\/sotrafa.com\/en\/the-mayor-of-our-village-el-ejido-visited-sotrafa\/#article","isPartOf":{"@id":"https:\/\/sotrafa.com\/en\/the-mayor-of-our-village-el-ejido-visited-sotrafa\/"},"author":{"name":"sotrafa","@id":"https:\/\/sotrafa.com\/#\/schema\/person\/13f086d2ba82962c82a0e89144ebddc0"},"headline":"The mayor of our village, El Ejido, visited Sotrafa","datePublished":"2013-05-29T09:27:31+00:00","dateModified":"2018-03-02T13:48:42+00:00","mainEntityOfPage":{"@id":"https:\/\/sotrafa.com\/en\/the-mayor-of-our-village-el-ejido-visited-sotrafa\/"},"wordCount":96,"commentCount":0,"image":{"@id":"https:\/\/sotrafa.com\/en\/the-mayor-of-our-village-el-ejido-visited-sotrafa\/#primaryimage"},"thumbnailUrl":"https:\/\/sotrafa.com\/wp-content\/uploads\/2017\/05\/Alcade_Ejido.jpeg","articleSection":["Sin categorizar"],"inLanguage":"en","potentialAction":[{"@type":"CommentAction","name":"Comment","target":["https:\/\/sotrafa.com\/en\/the-mayor-of-our-village-el-ejido-visited-sotrafa\/#respond"]}]},{"@type":"WebPage","@id":"https:\/\/sotrafa.com\/en\/the-mayor-of-our-village-el-ejido-visited-sotrafa\/","url":"https:\/\/sotrafa.com\/en\/the-mayor-of-our-village-el-ejido-visited-sotrafa\/","name":"The mayor of our village, El Ejido, visited Sotrafa - Sotrafa","isPartOf":{"@id":"https:\/\/sotrafa.com\/#website"},"primaryImageOfPage":{"@id":"https:\/\/sotrafa.com\/en\/the-mayor-of-our-village-el-ejido-visited-sotrafa\/#primaryimage"},"image":{"@id":"https:\/\/sotrafa.com\/en\/the-mayor-of-our-village-el-ejido-visited-sotrafa\/#primaryimage"},"thumbnailUrl":"https:\/\/sotrafa.com\/wp-content\/uploads\/2017\/05\/Alcade_Ejido.jpeg","datePublished":"2013-05-29T09:27:31+00:00","dateModified":"2018-03-02T13:48:42+00:00","author":{"@id":"https:\/\/sotrafa.com\/#\/schema\/person\/13f086d2ba82962c82a0e89144ebddc0"},"breadcrumb":{"@id":"https:\/\/sotrafa.com\/en\/the-mayor-of-our-village-el-ejido-visited-sotrafa\/#breadcrumb"},"inLanguage":"en","potentialAction":[{"@type":"ReadAction","target":["https:\/\/sotrafa.com\/en\/the-mayor-of-our-village-el-ejido-visited-sotrafa\/"]}]},{"@type":"ImageObject","inLanguage":"en","@id":"https:\/\/sotrafa.com\/en\/the-mayor-of-our-village-el-ejido-visited-sotrafa\/#primaryimage","url":"https:\/\/sotrafa.com\/wp-content\/uploads\/2017\/05\/Alcade_Ejido.jpeg","contentUrl":"https:\/\/sotrafa.com\/wp-content\/uploads\/2017\/05\/Alcade_Ejido.jpeg","width":900,"height":600},{"@type":"BreadcrumbList","@id":"https:\/\/sotrafa.com\/en\/the-mayor-of-our-village-el-ejido-visited-sotrafa\/#breadcrumb","itemListElement":[{"@type":"ListItem","position":1,"name":"Home","item":"https:\/\/sotrafa.com\/en\/"},{"@type":"ListItem","position":2,"name":"The mayor of our village, El Ejido, visited Sotrafa"}]},{"@type":"WebSite","@id":"https:\/\/sotrafa.com\/#website","url":"https:\/\/sotrafa.com\/","name":"Sotrafa","description":"Producimos una amplia gama de Pl\u00e1sticos para uso agr\u00edcola y hort\u00edcola, ganadero, construcci\u00f3n, e impermeabilizaci\u00f3n.","potentialAction":[{"@type":"SearchAction","target":{"@type":"EntryPoint","urlTemplate":"https:\/\/sotrafa.com\/?s={search_term_string}"},"query-input":{"@type":"PropertyValueSpecification","valueRequired":true,"valueName":"search_term_string"}}],"inLanguage":"en"},{"@type":"Person","@id":"https:\/\/sotrafa.com\/#\/schema\/person\/13f086d2ba82962c82a0e89144ebddc0","name":"sotrafa","url":"https:\/\/sotrafa.com\/en\/author\/sotrafa\/"}]}},"_links":{"self":[{"href":"https:\/\/sotrafa.com\/en\/wp-json\/wp\/v2\/posts\/1748","targetHints":{"allow":["GET"]}}],"collection":[{"href":"https:\/\/sotrafa.com\/en\/wp-json\/wp\/v2\/posts"}],"about":[{"href":"https:\/\/sotrafa.com\/en\/wp-json\/wp\/v2\/types\/post"}],"author":[{"embeddable":true,"href":"https:\/\/sotrafa.com\/en\/wp-json\/wp\/v2\/users\/4"}],"replies":[{"embeddable":true,"href":"https:\/\/sotrafa.com\/en\/wp-json\/wp\/v2\/comments?post=1748"}],"version-history":[{"count":0,"href":"https:\/\/sotrafa.com\/en\/wp-json\/wp\/v2\/posts\/1748\/revisions"}],"wp:featuredmedia":[{"embeddable":true,"href":"https:\/\/sotrafa.com\/en\/wp-json\/wp\/v2\/media\/2536"}],"wp:attachment":[{"href":"https:\/\/sotrafa.com\/en\/wp-json\/wp\/v2\/media?parent=1748"}],"wp:term":[{"taxonomy":"category","embeddable":true,"href":"https:\/\/sotrafa.com\/en\/wp-json\/wp\/v2\/categories?post=1748"},{"taxonomy":"post_tag","embeddable":true,"href":"https:\/\/sotrafa.com\/en\/wp-json\/wp\/v2\/tags?post=1748"}],"curies":[{"name":"wp","href":"https:\/\/api.w.org\/{rel}","templated":true}]}}