{"id":4303,"date":"2018-08-20T11:44:53","date_gmt":"2018-08-20T09:44:53","guid":{"rendered":"http:\/\/sotrafa.com\/?p=4303"},"modified":"2018-08-20T11:50:09","modified_gmt":"2018-08-20T09:50:09","slug":"oceanos-vida-reduce-reusa-recicla","status":"publish","type":"post","link":"https:\/\/sotrafa.com\/en\/oceanos-vida-reduce-reusa-recicla\/","title":{"rendered":"OC\u00c9ANOS DE VIDA: Reduce, Reusa, Recicla"},"content":{"rendered":"<p>Los oc\u00e9anos mundiales, su temperatura, componentes bioqu\u00edmicos, las corrientes y la vida marina, impulsan sistemas globales que hacen de nuestro planeta un lugar habitable para toda la humanidad.<\/p>\n<p>A lo largo del mundo, la industria del pl\u00e1stico est\u00e1 comprometi\u00e9ndose en trabajos colaborativos para contribuir a revertir la contaminaci\u00f3n de los oc\u00e9anos.<\/p>\n<p>En este sentido, el <span style=\"color: #800000;\"><strong>Grupo Armando \u00c1lvarez<\/strong><\/span> est\u00e1 convencido de que la participaci\u00f3n de la industria en estrategias integradas para la correcta gesti\u00f3n de los recursos pl\u00e1sticos, es la direcci\u00f3n \u00f3ptima a seguir y est\u00e1 firmemente comprometido con el principio de que los recursos pl\u00e1sticos no pertenecen al oc\u00e9ano y por lo tanto considera inaceptable que acaben all\u00ed debido a una falta de gesti\u00f3n y concienciaci\u00f3n.<\/p>\n<p>El prop\u00f3sito es trabajar todos juntos para contribuir a que nuestros mares sigan siendo<span style=\"color: #000080;\"><strong> OC\u00c9ANOS DE VIDA.<\/strong><\/span><\/p>\n<p>Seguir leyendo:\u00a0<a href=\"https:\/\/sotrafa.com\/wp-content\/uploads\/2018\/08\/OCEANOS-DE-VIDA.pdf\"><span style=\"color: #000080;\">OC\u00c9ANOS DE VIDA<\/span><\/a><\/p>\n","protected":false},"excerpt":{"rendered":"<p>Los oc\u00e9anos mundiales, su temperatura, componentes bioqu\u00edmicos, las corrientes y la vida marina, impulsan sistemas globales que hacen de nuestro planeta un lugar habitable para toda la humanidad. A lo largo del mundo, la industria del pl\u00e1stico est\u00e1 comprometi\u00e9ndose en  [&#8230;]<\/p>\n","protected":false},"author":4,"featured_media":4308,"comment_status":"closed","ping_status":"open","sticky":false,"template":"","format":"standard","meta":{"footnotes":""},"categories":[42,38,27],"tags":[115,114,117,113,116,48],"class_list":["post-4303","post","type-post","status-publish","format-standard","has-post-thumbnail","hentry","category-desarrollo","category-formacion","category-investigacion","tag-alvarez","tag-armando","tag-compromiso","tag-grupo","tag-medioambiente","tag-sotrafa"],"yoast_head":"<!-- This site is optimized with the Yoast SEO plugin v27.3 - https:\/\/yoast.com\/product\/yoast-seo-wordpress\/ -->\n<title>OC\u00c9ANOS DE VIDA: Reduce, Reusa, Recicla - Sotrafa<\/title>\n<meta name=\"robots\" content=\"index, follow, max-snippet:-1, max-image-preview:large, max-video-preview:-1\" \/>\n<link rel=\"canonical\" href=\"https:\/\/sotrafa.com\/oceanos-vida-reduce-reusa-recicla\/\" \/>\n<meta property=\"og:locale\" content=\"en_US\" \/>\n<meta property=\"og:type\" content=\"article\" \/>\n<meta property=\"og:title\" content=\"OC\u00c9ANOS DE VIDA: Reduce, Reusa, Recicla - Sotrafa\" \/>\n<meta property=\"og:description\" content=\"Los oc\u00e9anos mundiales, su temperatura, componentes bioqu\u00edmicos, las corrientes y la vida marina, impulsan sistemas globales que hacen de nuestro planeta un lugar habitable para toda la humanidad. A lo largo del mundo, la industria del pl\u00e1stico est\u00e1 comprometi\u00e9ndose en [...]\" \/>\n<meta property=\"og:url\" content=\"https:\/\/sotrafa.com\/oceanos-vida-reduce-reusa-recicla\/\" \/>\n<meta property=\"og:site_name\" content=\"Sotrafa\" \/>\n<meta property=\"article:published_time\" content=\"2018-08-20T09:44:53+00:00\" \/>\n<meta property=\"article:modified_time\" content=\"2018-08-20T09:50:09+00:00\" \/>\n<meta property=\"og:image\" content=\"https:\/\/sotrafa.com\/wp-content\/uploads\/2018\/08\/Oc\u00e9anos-de-Vida-1.jpg\" \/>\n\t<meta property=\"og:image:width\" content=\"957\" \/>\n\t<meta property=\"og:image:height\" content=\"227\" \/>\n\t<meta property=\"og:image:type\" content=\"image\/jpeg\" \/>\n<meta name=\"author\" content=\"sotrafa\" \/>\n<meta name=\"twitter:card\" content=\"summary_large_image\" \/>\n<meta name=\"twitter:label1\" content=\"Written by\" \/>\n\t<meta name=\"twitter:data1\" content=\"sotrafa\" \/>\n\t<meta name=\"twitter:label2\" content=\"Est. reading time\" \/>\n\t<meta name=\"twitter:data2\" content=\"1 minute\" \/>\n<script type=\"application\/ld+json\" class=\"yoast-schema-graph\">{\"@context\":\"https:\\\/\\\/schema.org\",\"@graph\":[{\"@type\":\"Article\",\"@id\":\"https:\\\/\\\/sotrafa.com\\\/oceanos-vida-reduce-reusa-recicla\\\/#article\",\"isPartOf\":{\"@id\":\"https:\\\/\\\/sotrafa.com\\\/oceanos-vida-reduce-reusa-recicla\\\/\"},\"author\":{\"name\":\"sotrafa\",\"@id\":\"https:\\\/\\\/sotrafa.com\\\/#\\\/schema\\\/person\\\/13f086d2ba82962c82a0e89144ebddc0\"},\"headline\":\"OC\u00c9ANOS DE VIDA: Reduce, Reusa, Recicla\",\"datePublished\":\"2018-08-20T09:44:53+00:00\",\"dateModified\":\"2018-08-20T09:50:09+00:00\",\"mainEntityOfPage\":{\"@id\":\"https:\\\/\\\/sotrafa.com\\\/oceanos-vida-reduce-reusa-recicla\\\/\"},\"wordCount\":163,\"image\":{\"@id\":\"https:\\\/\\\/sotrafa.com\\\/oceanos-vida-reduce-reusa-recicla\\\/#primaryimage\"},\"thumbnailUrl\":\"https:\\\/\\\/sotrafa.com\\\/wp-content\\\/uploads\\\/2018\\\/08\\\/Oc\u00e9anos-de-Vida-1.jpg\",\"keywords\":[\"alvarez\",\"armando\",\"compromiso\",\"grupo\",\"medioambiente\",\"SOTRAFA\"],\"articleSection\":[\"Desarrollo\",\"Formaci\u00f3n\",\"Investigaci\u00f3n\"],\"inLanguage\":\"en\"},{\"@type\":\"WebPage\",\"@id\":\"https:\\\/\\\/sotrafa.com\\\/oceanos-vida-reduce-reusa-recicla\\\/\",\"url\":\"https:\\\/\\\/sotrafa.com\\\/oceanos-vida-reduce-reusa-recicla\\\/\",\"name\":\"OC\u00c9ANOS DE VIDA: Reduce, Reusa, Recicla - Sotrafa\",\"isPartOf\":{\"@id\":\"https:\\\/\\\/sotrafa.com\\\/#website\"},\"primaryImageOfPage\":{\"@id\":\"https:\\\/\\\/sotrafa.com\\\/oceanos-vida-reduce-reusa-recicla\\\/#primaryimage\"},\"image\":{\"@id\":\"https:\\\/\\\/sotrafa.com\\\/oceanos-vida-reduce-reusa-recicla\\\/#primaryimage\"},\"thumbnailUrl\":\"https:\\\/\\\/sotrafa.com\\\/wp-content\\\/uploads\\\/2018\\\/08\\\/Oc\u00e9anos-de-Vida-1.jpg\",\"datePublished\":\"2018-08-20T09:44:53+00:00\",\"dateModified\":\"2018-08-20T09:50:09+00:00\",\"author\":{\"@id\":\"https:\\\/\\\/sotrafa.com\\\/#\\\/schema\\\/person\\\/13f086d2ba82962c82a0e89144ebddc0\"},\"breadcrumb\":{\"@id\":\"https:\\\/\\\/sotrafa.com\\\/oceanos-vida-reduce-reusa-recicla\\\/#breadcrumb\"},\"inLanguage\":\"en\",\"potentialAction\":[{\"@type\":\"ReadAction\",\"target\":[\"https:\\\/\\\/sotrafa.com\\\/oceanos-vida-reduce-reusa-recicla\\\/\"]}]},{\"@type\":\"ImageObject\",\"inLanguage\":\"en\",\"@id\":\"https:\\\/\\\/sotrafa.com\\\/oceanos-vida-reduce-reusa-recicla\\\/#primaryimage\",\"url\":\"https:\\\/\\\/sotrafa.com\\\/wp-content\\\/uploads\\\/2018\\\/08\\\/Oc\u00e9anos-de-Vida-1.jpg\",\"contentUrl\":\"https:\\\/\\\/sotrafa.com\\\/wp-content\\\/uploads\\\/2018\\\/08\\\/Oc\u00e9anos-de-Vida-1.jpg\",\"width\":957,\"height\":227},{\"@type\":\"BreadcrumbList\",\"@id\":\"https:\\\/\\\/sotrafa.com\\\/oceanos-vida-reduce-reusa-recicla\\\/#breadcrumb\",\"itemListElement\":[{\"@type\":\"ListItem\",\"position\":1,\"name\":\"Home\",\"item\":\"https:\\\/\\\/sotrafa.com\\\/en\\\/\"},{\"@type\":\"ListItem\",\"position\":2,\"name\":\"OC\u00c9ANOS DE VIDA: Reduce, Reusa, Recicla\"}]},{\"@type\":\"WebSite\",\"@id\":\"https:\\\/\\\/sotrafa.com\\\/#website\",\"url\":\"https:\\\/\\\/sotrafa.com\\\/\",\"name\":\"Sotrafa\",\"description\":\"Producimos una amplia gama de Pl\u00e1sticos para uso agr\u00edcola y hort\u00edcola, ganadero, construcci\u00f3n, e impermeabilizaci\u00f3n.\",\"potentialAction\":[{\"@type\":\"SearchAction\",\"target\":{\"@type\":\"EntryPoint\",\"urlTemplate\":\"https:\\\/\\\/sotrafa.com\\\/?s={search_term_string}\"},\"query-input\":{\"@type\":\"PropertyValueSpecification\",\"valueRequired\":true,\"valueName\":\"search_term_string\"}}],\"inLanguage\":\"en\"},{\"@type\":\"Person\",\"@id\":\"https:\\\/\\\/sotrafa.com\\\/#\\\/schema\\\/person\\\/13f086d2ba82962c82a0e89144ebddc0\",\"name\":\"sotrafa\",\"url\":\"https:\\\/\\\/sotrafa.com\\\/en\\\/author\\\/sotrafa\\\/\"}]}<\/script>\n<!-- \/ Yoast SEO plugin. -->","yoast_head_json":{"title":"OC\u00c9ANOS DE VIDA: Reduce, Reusa, Recicla - Sotrafa","robots":{"index":"index","follow":"follow","max-snippet":"max-snippet:-1","max-image-preview":"max-image-preview:large","max-video-preview":"max-video-preview:-1"},"canonical":"https:\/\/sotrafa.com\/oceanos-vida-reduce-reusa-recicla\/","og_locale":"en_US","og_type":"article","og_title":"OC\u00c9ANOS DE VIDA: Reduce, Reusa, Recicla - Sotrafa","og_description":"Los oc\u00e9anos mundiales, su temperatura, componentes bioqu\u00edmicos, las corrientes y la vida marina, impulsan sistemas globales que hacen de nuestro planeta un lugar habitable para toda la humanidad. A lo largo del mundo, la industria del pl\u00e1stico est\u00e1 comprometi\u00e9ndose en [...]","og_url":"https:\/\/sotrafa.com\/oceanos-vida-reduce-reusa-recicla\/","og_site_name":"Sotrafa","article_published_time":"2018-08-20T09:44:53+00:00","article_modified_time":"2018-08-20T09:50:09+00:00","og_image":[{"width":957,"height":227,"url":"https:\/\/sotrafa.com\/wp-content\/uploads\/2018\/08\/Oc\u00e9anos-de-Vida-1.jpg","type":"image\/jpeg"}],"author":"sotrafa","twitter_card":"summary_large_image","twitter_misc":{"Written by":"sotrafa","Est. reading time":"1 minute"},"schema":{"@context":"https:\/\/schema.org","@graph":[{"@type":"Article","@id":"https:\/\/sotrafa.com\/oceanos-vida-reduce-reusa-recicla\/#article","isPartOf":{"@id":"https:\/\/sotrafa.com\/oceanos-vida-reduce-reusa-recicla\/"},"author":{"name":"sotrafa","@id":"https:\/\/sotrafa.com\/#\/schema\/person\/13f086d2ba82962c82a0e89144ebddc0"},"headline":"OC\u00c9ANOS DE VIDA: Reduce, Reusa, Recicla","datePublished":"2018-08-20T09:44:53+00:00","dateModified":"2018-08-20T09:50:09+00:00","mainEntityOfPage":{"@id":"https:\/\/sotrafa.com\/oceanos-vida-reduce-reusa-recicla\/"},"wordCount":163,"image":{"@id":"https:\/\/sotrafa.com\/oceanos-vida-reduce-reusa-recicla\/#primaryimage"},"thumbnailUrl":"https:\/\/sotrafa.com\/wp-content\/uploads\/2018\/08\/Oc\u00e9anos-de-Vida-1.jpg","keywords":["alvarez","armando","compromiso","grupo","medioambiente","SOTRAFA"],"articleSection":["Desarrollo","Formaci\u00f3n","Investigaci\u00f3n"],"inLanguage":"en"},{"@type":"WebPage","@id":"https:\/\/sotrafa.com\/oceanos-vida-reduce-reusa-recicla\/","url":"https:\/\/sotrafa.com\/oceanos-vida-reduce-reusa-recicla\/","name":"OC\u00c9ANOS DE VIDA: Reduce, Reusa, Recicla - Sotrafa","isPartOf":{"@id":"https:\/\/sotrafa.com\/#website"},"primaryImageOfPage":{"@id":"https:\/\/sotrafa.com\/oceanos-vida-reduce-reusa-recicla\/#primaryimage"},"image":{"@id":"https:\/\/sotrafa.com\/oceanos-vida-reduce-reusa-recicla\/#primaryimage"},"thumbnailUrl":"https:\/\/sotrafa.com\/wp-content\/uploads\/2018\/08\/Oc\u00e9anos-de-Vida-1.jpg","datePublished":"2018-08-20T09:44:53+00:00","dateModified":"2018-08-20T09:50:09+00:00","author":{"@id":"https:\/\/sotrafa.com\/#\/schema\/person\/13f086d2ba82962c82a0e89144ebddc0"},"breadcrumb":{"@id":"https:\/\/sotrafa.com\/oceanos-vida-reduce-reusa-recicla\/#breadcrumb"},"inLanguage":"en","potentialAction":[{"@type":"ReadAction","target":["https:\/\/sotrafa.com\/oceanos-vida-reduce-reusa-recicla\/"]}]},{"@type":"ImageObject","inLanguage":"en","@id":"https:\/\/sotrafa.com\/oceanos-vida-reduce-reusa-recicla\/#primaryimage","url":"https:\/\/sotrafa.com\/wp-content\/uploads\/2018\/08\/Oc\u00e9anos-de-Vida-1.jpg","contentUrl":"https:\/\/sotrafa.com\/wp-content\/uploads\/2018\/08\/Oc\u00e9anos-de-Vida-1.jpg","width":957,"height":227},{"@type":"BreadcrumbList","@id":"https:\/\/sotrafa.com\/oceanos-vida-reduce-reusa-recicla\/#breadcrumb","itemListElement":[{"@type":"ListItem","position":1,"name":"Home","item":"https:\/\/sotrafa.com\/en\/"},{"@type":"ListItem","position":2,"name":"OC\u00c9ANOS DE VIDA: Reduce, Reusa, Recicla"}]},{"@type":"WebSite","@id":"https:\/\/sotrafa.com\/#website","url":"https:\/\/sotrafa.com\/","name":"Sotrafa","description":"Producimos una amplia gama de Pl\u00e1sticos para uso agr\u00edcola y hort\u00edcola, ganadero, construcci\u00f3n, e impermeabilizaci\u00f3n.","potentialAction":[{"@type":"SearchAction","target":{"@type":"EntryPoint","urlTemplate":"https:\/\/sotrafa.com\/?s={search_term_string}"},"query-input":{"@type":"PropertyValueSpecification","valueRequired":true,"valueName":"search_term_string"}}],"inLanguage":"en"},{"@type":"Person","@id":"https:\/\/sotrafa.com\/#\/schema\/person\/13f086d2ba82962c82a0e89144ebddc0","name":"sotrafa","url":"https:\/\/sotrafa.com\/en\/author\/sotrafa\/"}]}},"_links":{"self":[{"href":"https:\/\/sotrafa.com\/en\/wp-json\/wp\/v2\/posts\/4303","targetHints":{"allow":["GET"]}}],"collection":[{"href":"https:\/\/sotrafa.com\/en\/wp-json\/wp\/v2\/posts"}],"about":[{"href":"https:\/\/sotrafa.com\/en\/wp-json\/wp\/v2\/types\/post"}],"author":[{"embeddable":true,"href":"https:\/\/sotrafa.com\/en\/wp-json\/wp\/v2\/users\/4"}],"replies":[{"embeddable":true,"href":"https:\/\/sotrafa.com\/en\/wp-json\/wp\/v2\/comments?post=4303"}],"version-history":[{"count":0,"href":"https:\/\/sotrafa.com\/en\/wp-json\/wp\/v2\/posts\/4303\/revisions"}],"wp:featuredmedia":[{"embeddable":true,"href":"https:\/\/sotrafa.com\/en\/wp-json\/wp\/v2\/media\/4308"}],"wp:attachment":[{"href":"https:\/\/sotrafa.com\/en\/wp-json\/wp\/v2\/media?parent=4303"}],"wp:term":[{"taxonomy":"category","embeddable":true,"href":"https:\/\/sotrafa.com\/en\/wp-json\/wp\/v2\/categories?post=4303"},{"taxonomy":"post_tag","embeddable":true,"href":"https:\/\/sotrafa.com\/en\/wp-json\/wp\/v2\/tags?post=4303"}],"curies":[{"name":"wp","href":"https:\/\/api.w.org\/{rel}","templated":true}]}}