{"id":6223,"date":"2023-05-08T12:53:54","date_gmt":"2023-05-08T10:53:54","guid":{"rendered":"https:\/\/sotrafa.com\/?p=6223"},"modified":"2023-05-08T13:00:54","modified_gmt":"2023-05-08T11:00:54","slug":"sotrafa-recibe-el-certificado-de-proteccion-climatica-de-erde","status":"publish","type":"post","link":"https:\/\/sotrafa.com\/en\/sotrafa-recibe-el-certificado-de-proteccion-climatica-de-erde\/","title":{"rendered":"Sotrafa recibe el Certificado de Protecci\u00f3n Clim\u00e1tica de ERDE"},"content":{"rendered":"<p>En Sotrafa estamos comprometidos con las buenas pr\u00e1cticas <strong>agr\u00edcolas<\/strong> dando especial importancia a la correcta recogida de los <strong>pl\u00e1sticos<\/strong> usados en la agricultura para valorizarlos en un modelo de econom\u00eda circular.<\/p>\n<p>Desde 2013 formamos parte del sistema voluntario nacional alem\u00e1n de gesti\u00f3n de recogida de pl\u00e1sticos usados, <strong>ERDE<\/strong>. En 2022 gracias a la acci\u00f3n conjunta de todos los que formamos parte de esta iniciativa hemos conseguido reducir en 42.748 tn las emisiones del conocido gas de efecto invernadero.<\/p>\n<p>Recibiendo <strong>SOTRAFA<\/strong> en reconocimiento a la contribuci\u00f3n de esta iniciativa, el <strong>certificado de protecci\u00f3n clim\u00e1tica.<\/strong><\/p>\n<p>Puedes acceder al contenido completo de la noticia en el siguiente enlace:<\/p>\n<p><a href=\"https:\/\/armandoalvarez.com\/sostenibilidad\/certificado-proteccion-climatica-erde\/\">https:\/\/armandoalvarez.com\/sostenibilidad\/certificado-proteccion-climatica-erde\/<\/a><\/p>\n","protected":false},"excerpt":{"rendered":"<p>En Sotrafa estamos comprometidos con las buenas pr\u00e1cticas agr\u00edcolas dando especial importancia a la correcta recogida de los pl\u00e1sticos usados en la agricultura para valorizarlos en un modelo de econom\u00eda circular. Desde 2013 formamos parte del sistema voluntario nacional alem\u00e1n  [&#8230;]<\/p>\n","protected":false},"author":657,"featured_media":6227,"comment_status":"closed","ping_status":"closed","sticky":false,"template":"","format":"standard","meta":{"footnotes":""},"categories":[191],"tags":[172,169,193,192],"class_list":["post-6223","post","type-post","status-publish","format-standard","has-post-thumbnail","hentry","category-sostenibilidad","tag-economia-circular","tag-erde","tag-plasticos-agricolas","tag-sostenibilidad"],"yoast_head":"<!-- This site is optimized with the Yoast SEO plugin v27.3 - https:\/\/yoast.com\/product\/yoast-seo-wordpress\/ -->\n<title>Sotrafa recibe el Certificado de Protecci\u00f3n Clim\u00e1tica de ERDE<\/title>\n<meta name=\"description\" content=\"Sotrafa recibe el Certificado de Protecci\u00f3n Clim\u00e1tica de ERDE. El sistema voluntario nacional alem\u00e1n de gesti\u00f3n de recogida de pl\u00e1sticos usados, del que formamos parte desde 2013.\" \/>\n<meta name=\"robots\" content=\"index, follow, max-snippet:-1, max-image-preview:large, max-video-preview:-1\" \/>\n<link rel=\"canonical\" href=\"https:\/\/sotrafa.com\/sotrafa-recibe-el-certificado-de-proteccion-climatica-de-erde\/\" \/>\n<meta property=\"og:locale\" content=\"en_US\" \/>\n<meta property=\"og:type\" content=\"article\" \/>\n<meta property=\"og:title\" content=\"Sotrafa recibe el Certificado de Protecci\u00f3n Clim\u00e1tica de ERDE\" \/>\n<meta property=\"og:description\" content=\"Sotrafa recibe el Certificado de Protecci\u00f3n Clim\u00e1tica de ERDE. El sistema voluntario nacional alem\u00e1n de gesti\u00f3n de recogida de pl\u00e1sticos usados, del que formamos parte desde 2013.\" \/>\n<meta property=\"og:url\" content=\"https:\/\/sotrafa.com\/sotrafa-recibe-el-certificado-de-proteccion-climatica-de-erde\/\" \/>\n<meta property=\"og:site_name\" content=\"Sotrafa\" \/>\n<meta property=\"article:published_time\" content=\"2023-05-08T10:53:54+00:00\" \/>\n<meta property=\"article:modified_time\" content=\"2023-05-08T11:00:54+00:00\" \/>\n<meta property=\"og:image\" content=\"https:\/\/sotrafa.com\/wp-content\/uploads\/2023\/05\/Captura.png\" \/>\n\t<meta property=\"og:image:width\" content=\"1198\" \/>\n\t<meta property=\"og:image:height\" content=\"600\" \/>\n\t<meta property=\"og:image:type\" content=\"image\/png\" \/>\n<meta name=\"author\" content=\"Plataforma\" \/>\n<meta name=\"twitter:card\" content=\"summary_large_image\" \/>\n<meta name=\"twitter:label1\" content=\"Written by\" \/>\n\t<meta name=\"twitter:data1\" content=\"Plataforma\" \/>\n\t<meta name=\"twitter:label2\" content=\"Est. reading time\" \/>\n\t<meta name=\"twitter:data2\" content=\"1 minute\" \/>\n<script type=\"application\/ld+json\" class=\"yoast-schema-graph\">{\"@context\":\"https:\\\/\\\/schema.org\",\"@graph\":[{\"@type\":\"Article\",\"@id\":\"https:\\\/\\\/sotrafa.com\\\/sotrafa-recibe-el-certificado-de-proteccion-climatica-de-erde\\\/#article\",\"isPartOf\":{\"@id\":\"https:\\\/\\\/sotrafa.com\\\/sotrafa-recibe-el-certificado-de-proteccion-climatica-de-erde\\\/\"},\"author\":{\"name\":\"Plataforma\",\"@id\":\"https:\\\/\\\/sotrafa.com\\\/#\\\/schema\\\/person\\\/aa3ef3add5bf3efdcfef8d3a9400be51\"},\"headline\":\"Sotrafa recibe el Certificado de Protecci\u00f3n Clim\u00e1tica de ERDE\",\"datePublished\":\"2023-05-08T10:53:54+00:00\",\"dateModified\":\"2023-05-08T11:00:54+00:00\",\"mainEntityOfPage\":{\"@id\":\"https:\\\/\\\/sotrafa.com\\\/sotrafa-recibe-el-certificado-de-proteccion-climatica-de-erde\\\/\"},\"wordCount\":129,\"image\":{\"@id\":\"https:\\\/\\\/sotrafa.com\\\/sotrafa-recibe-el-certificado-de-proteccion-climatica-de-erde\\\/#primaryimage\"},\"thumbnailUrl\":\"https:\\\/\\\/sotrafa.com\\\/wp-content\\\/uploads\\\/2023\\\/05\\\/Captura.png\",\"keywords\":[\"econom\u00eda circular\",\"erde\",\"pl\u00e1sticos agricolas\",\"sostenibilidad\"],\"articleSection\":[\"Sostenibilidad\"],\"inLanguage\":\"en\"},{\"@type\":\"WebPage\",\"@id\":\"https:\\\/\\\/sotrafa.com\\\/sotrafa-recibe-el-certificado-de-proteccion-climatica-de-erde\\\/\",\"url\":\"https:\\\/\\\/sotrafa.com\\\/sotrafa-recibe-el-certificado-de-proteccion-climatica-de-erde\\\/\",\"name\":\"Sotrafa recibe el Certificado de Protecci\u00f3n Clim\u00e1tica de ERDE\",\"isPartOf\":{\"@id\":\"https:\\\/\\\/sotrafa.com\\\/#website\"},\"primaryImageOfPage\":{\"@id\":\"https:\\\/\\\/sotrafa.com\\\/sotrafa-recibe-el-certificado-de-proteccion-climatica-de-erde\\\/#primaryimage\"},\"image\":{\"@id\":\"https:\\\/\\\/sotrafa.com\\\/sotrafa-recibe-el-certificado-de-proteccion-climatica-de-erde\\\/#primaryimage\"},\"thumbnailUrl\":\"https:\\\/\\\/sotrafa.com\\\/wp-content\\\/uploads\\\/2023\\\/05\\\/Captura.png\",\"datePublished\":\"2023-05-08T10:53:54+00:00\",\"dateModified\":\"2023-05-08T11:00:54+00:00\",\"author\":{\"@id\":\"https:\\\/\\\/sotrafa.com\\\/#\\\/schema\\\/person\\\/aa3ef3add5bf3efdcfef8d3a9400be51\"},\"description\":\"Sotrafa recibe el Certificado de Protecci\u00f3n Clim\u00e1tica de ERDE. El sistema voluntario nacional alem\u00e1n de gesti\u00f3n de recogida de pl\u00e1sticos usados, del que formamos parte desde 2013.\",\"breadcrumb\":{\"@id\":\"https:\\\/\\\/sotrafa.com\\\/sotrafa-recibe-el-certificado-de-proteccion-climatica-de-erde\\\/#breadcrumb\"},\"inLanguage\":\"en\",\"potentialAction\":[{\"@type\":\"ReadAction\",\"target\":[\"https:\\\/\\\/sotrafa.com\\\/sotrafa-recibe-el-certificado-de-proteccion-climatica-de-erde\\\/\"]}]},{\"@type\":\"ImageObject\",\"inLanguage\":\"en\",\"@id\":\"https:\\\/\\\/sotrafa.com\\\/sotrafa-recibe-el-certificado-de-proteccion-climatica-de-erde\\\/#primaryimage\",\"url\":\"https:\\\/\\\/sotrafa.com\\\/wp-content\\\/uploads\\\/2023\\\/05\\\/Captura.png\",\"contentUrl\":\"https:\\\/\\\/sotrafa.com\\\/wp-content\\\/uploads\\\/2023\\\/05\\\/Captura.png\",\"width\":1198,\"height\":600},{\"@type\":\"BreadcrumbList\",\"@id\":\"https:\\\/\\\/sotrafa.com\\\/sotrafa-recibe-el-certificado-de-proteccion-climatica-de-erde\\\/#breadcrumb\",\"itemListElement\":[{\"@type\":\"ListItem\",\"position\":1,\"name\":\"Home\",\"item\":\"https:\\\/\\\/sotrafa.com\\\/en\\\/\"},{\"@type\":\"ListItem\",\"position\":2,\"name\":\"Sotrafa recibe el Certificado de Protecci\u00f3n Clim\u00e1tica de ERDE\"}]},{\"@type\":\"WebSite\",\"@id\":\"https:\\\/\\\/sotrafa.com\\\/#website\",\"url\":\"https:\\\/\\\/sotrafa.com\\\/\",\"name\":\"Sotrafa\",\"description\":\"Producimos una amplia gama de Pl\u00e1sticos para uso agr\u00edcola y hort\u00edcola, ganadero, construcci\u00f3n, e impermeabilizaci\u00f3n.\",\"potentialAction\":[{\"@type\":\"SearchAction\",\"target\":{\"@type\":\"EntryPoint\",\"urlTemplate\":\"https:\\\/\\\/sotrafa.com\\\/?s={search_term_string}\"},\"query-input\":{\"@type\":\"PropertyValueSpecification\",\"valueRequired\":true,\"valueName\":\"search_term_string\"}}],\"inLanguage\":\"en\"},{\"@type\":\"Person\",\"@id\":\"https:\\\/\\\/sotrafa.com\\\/#\\\/schema\\\/person\\\/aa3ef3add5bf3efdcfef8d3a9400be51\",\"name\":\"Plataforma\",\"url\":\"https:\\\/\\\/sotrafa.com\\\/en\\\/author\\\/plataforma\\\/\"}]}<\/script>\n<!-- \/ Yoast SEO plugin. -->","yoast_head_json":{"title":"Sotrafa recibe el Certificado de Protecci\u00f3n Clim\u00e1tica de ERDE","description":"Sotrafa recibe el Certificado de Protecci\u00f3n Clim\u00e1tica de ERDE. El sistema voluntario nacional alem\u00e1n de gesti\u00f3n de recogida de pl\u00e1sticos usados, del que formamos parte desde 2013.","robots":{"index":"index","follow":"follow","max-snippet":"max-snippet:-1","max-image-preview":"max-image-preview:large","max-video-preview":"max-video-preview:-1"},"canonical":"https:\/\/sotrafa.com\/sotrafa-recibe-el-certificado-de-proteccion-climatica-de-erde\/","og_locale":"en_US","og_type":"article","og_title":"Sotrafa recibe el Certificado de Protecci\u00f3n Clim\u00e1tica de ERDE","og_description":"Sotrafa recibe el Certificado de Protecci\u00f3n Clim\u00e1tica de ERDE. El sistema voluntario nacional alem\u00e1n de gesti\u00f3n de recogida de pl\u00e1sticos usados, del que formamos parte desde 2013.","og_url":"https:\/\/sotrafa.com\/sotrafa-recibe-el-certificado-de-proteccion-climatica-de-erde\/","og_site_name":"Sotrafa","article_published_time":"2023-05-08T10:53:54+00:00","article_modified_time":"2023-05-08T11:00:54+00:00","og_image":[{"width":1198,"height":600,"url":"https:\/\/sotrafa.com\/wp-content\/uploads\/2023\/05\/Captura.png","type":"image\/png"}],"author":"Plataforma","twitter_card":"summary_large_image","twitter_misc":{"Written by":"Plataforma","Est. reading time":"1 minute"},"schema":{"@context":"https:\/\/schema.org","@graph":[{"@type":"Article","@id":"https:\/\/sotrafa.com\/sotrafa-recibe-el-certificado-de-proteccion-climatica-de-erde\/#article","isPartOf":{"@id":"https:\/\/sotrafa.com\/sotrafa-recibe-el-certificado-de-proteccion-climatica-de-erde\/"},"author":{"name":"Plataforma","@id":"https:\/\/sotrafa.com\/#\/schema\/person\/aa3ef3add5bf3efdcfef8d3a9400be51"},"headline":"Sotrafa recibe el Certificado de Protecci\u00f3n Clim\u00e1tica de ERDE","datePublished":"2023-05-08T10:53:54+00:00","dateModified":"2023-05-08T11:00:54+00:00","mainEntityOfPage":{"@id":"https:\/\/sotrafa.com\/sotrafa-recibe-el-certificado-de-proteccion-climatica-de-erde\/"},"wordCount":129,"image":{"@id":"https:\/\/sotrafa.com\/sotrafa-recibe-el-certificado-de-proteccion-climatica-de-erde\/#primaryimage"},"thumbnailUrl":"https:\/\/sotrafa.com\/wp-content\/uploads\/2023\/05\/Captura.png","keywords":["econom\u00eda circular","erde","pl\u00e1sticos agricolas","sostenibilidad"],"articleSection":["Sostenibilidad"],"inLanguage":"en"},{"@type":"WebPage","@id":"https:\/\/sotrafa.com\/sotrafa-recibe-el-certificado-de-proteccion-climatica-de-erde\/","url":"https:\/\/sotrafa.com\/sotrafa-recibe-el-certificado-de-proteccion-climatica-de-erde\/","name":"Sotrafa recibe el Certificado de Protecci\u00f3n Clim\u00e1tica de ERDE","isPartOf":{"@id":"https:\/\/sotrafa.com\/#website"},"primaryImageOfPage":{"@id":"https:\/\/sotrafa.com\/sotrafa-recibe-el-certificado-de-proteccion-climatica-de-erde\/#primaryimage"},"image":{"@id":"https:\/\/sotrafa.com\/sotrafa-recibe-el-certificado-de-proteccion-climatica-de-erde\/#primaryimage"},"thumbnailUrl":"https:\/\/sotrafa.com\/wp-content\/uploads\/2023\/05\/Captura.png","datePublished":"2023-05-08T10:53:54+00:00","dateModified":"2023-05-08T11:00:54+00:00","author":{"@id":"https:\/\/sotrafa.com\/#\/schema\/person\/aa3ef3add5bf3efdcfef8d3a9400be51"},"description":"Sotrafa recibe el Certificado de Protecci\u00f3n Clim\u00e1tica de ERDE. El sistema voluntario nacional alem\u00e1n de gesti\u00f3n de recogida de pl\u00e1sticos usados, del que formamos parte desde 2013.","breadcrumb":{"@id":"https:\/\/sotrafa.com\/sotrafa-recibe-el-certificado-de-proteccion-climatica-de-erde\/#breadcrumb"},"inLanguage":"en","potentialAction":[{"@type":"ReadAction","target":["https:\/\/sotrafa.com\/sotrafa-recibe-el-certificado-de-proteccion-climatica-de-erde\/"]}]},{"@type":"ImageObject","inLanguage":"en","@id":"https:\/\/sotrafa.com\/sotrafa-recibe-el-certificado-de-proteccion-climatica-de-erde\/#primaryimage","url":"https:\/\/sotrafa.com\/wp-content\/uploads\/2023\/05\/Captura.png","contentUrl":"https:\/\/sotrafa.com\/wp-content\/uploads\/2023\/05\/Captura.png","width":1198,"height":600},{"@type":"BreadcrumbList","@id":"https:\/\/sotrafa.com\/sotrafa-recibe-el-certificado-de-proteccion-climatica-de-erde\/#breadcrumb","itemListElement":[{"@type":"ListItem","position":1,"name":"Home","item":"https:\/\/sotrafa.com\/en\/"},{"@type":"ListItem","position":2,"name":"Sotrafa recibe el Certificado de Protecci\u00f3n Clim\u00e1tica de ERDE"}]},{"@type":"WebSite","@id":"https:\/\/sotrafa.com\/#website","url":"https:\/\/sotrafa.com\/","name":"Sotrafa","description":"Producimos una amplia gama de Pl\u00e1sticos para uso agr\u00edcola y hort\u00edcola, ganadero, construcci\u00f3n, e impermeabilizaci\u00f3n.","potentialAction":[{"@type":"SearchAction","target":{"@type":"EntryPoint","urlTemplate":"https:\/\/sotrafa.com\/?s={search_term_string}"},"query-input":{"@type":"PropertyValueSpecification","valueRequired":true,"valueName":"search_term_string"}}],"inLanguage":"en"},{"@type":"Person","@id":"https:\/\/sotrafa.com\/#\/schema\/person\/aa3ef3add5bf3efdcfef8d3a9400be51","name":"Plataforma","url":"https:\/\/sotrafa.com\/en\/author\/plataforma\/"}]}},"_links":{"self":[{"href":"https:\/\/sotrafa.com\/en\/wp-json\/wp\/v2\/posts\/6223","targetHints":{"allow":["GET"]}}],"collection":[{"href":"https:\/\/sotrafa.com\/en\/wp-json\/wp\/v2\/posts"}],"about":[{"href":"https:\/\/sotrafa.com\/en\/wp-json\/wp\/v2\/types\/post"}],"author":[{"embeddable":true,"href":"https:\/\/sotrafa.com\/en\/wp-json\/wp\/v2\/users\/657"}],"replies":[{"embeddable":true,"href":"https:\/\/sotrafa.com\/en\/wp-json\/wp\/v2\/comments?post=6223"}],"version-history":[{"count":6,"href":"https:\/\/sotrafa.com\/en\/wp-json\/wp\/v2\/posts\/6223\/revisions"}],"predecessor-version":[{"id":6234,"href":"https:\/\/sotrafa.com\/en\/wp-json\/wp\/v2\/posts\/6223\/revisions\/6234"}],"wp:featuredmedia":[{"embeddable":true,"href":"https:\/\/sotrafa.com\/en\/wp-json\/wp\/v2\/media\/6227"}],"wp:attachment":[{"href":"https:\/\/sotrafa.com\/en\/wp-json\/wp\/v2\/media?parent=6223"}],"wp:term":[{"taxonomy":"category","embeddable":true,"href":"https:\/\/sotrafa.com\/en\/wp-json\/wp\/v2\/categories?post=6223"},{"taxonomy":"post_tag","embeddable":true,"href":"https:\/\/sotrafa.com\/en\/wp-json\/wp\/v2\/tags?post=6223"}],"curies":[{"name":"wp","href":"https:\/\/api.w.org\/{rel}","templated":true}]}}