{"id":6389,"date":"2024-03-13T16:49:49","date_gmt":"2024-03-13T15:49:49","guid":{"rendered":"https:\/\/sotrafa.com\/?p=6389"},"modified":"2024-03-13T17:41:51","modified_gmt":"2024-03-13T16:41:51","slug":"sotrafa-celebra-el-dia-de-la-mujer-con-un-firme-compromiso-por-la-igualdad","status":"publish","type":"post","link":"https:\/\/sotrafa.com\/en\/sotrafa-celebra-el-dia-de-la-mujer-con-un-firme-compromiso-por-la-igualdad\/","title":{"rendered":"Sotrafa Celebra el d\u00eda de la mujer con un firme compromiso por la igualdad."},"content":{"rendered":"<p>En honor al D\u00eda Internacional de la Mujer, Sotrafa abri\u00f3 sus puertas para conmemorar esta ocasi\u00f3n significativa. Invitando a mujeres destacadas de diversas empresas y asociaciones vinculadas con su industria, la compa\u00f1\u00eda organiz\u00f3 una serie de actividades destinadas a celebrar los logros y contribuciones de las mujeres en el mundo laboral.<\/p>\n<p>El evento comenz\u00f3 con una presentaci\u00f3n informativa que destac\u00f3 el papel fundamental de las mujeres en el entorno laboral y en la sociedad en general. Las invitadas tuvieron la oportunidad de conocer de primera mano las instalaciones de Sotrafa, desde la f\u00e1brica hasta el laboratorio, brindando una visi\u00f3n detallada de los procesos de producci\u00f3n y la operaci\u00f3n de la empresa. <img decoding=\"async\" class=\"wp-image-6392 alignright\" src=\"https:\/\/sotrafa.com\/wp-content\/uploads\/2024\/03\/Presentacion-1024x768.jpg\" alt=\"\" width=\"369\" height=\"277\" srcset=\"https:\/\/sotrafa.com\/wp-content\/uploads\/2024\/03\/Presentacion-200x150.jpg 200w, https:\/\/sotrafa.com\/wp-content\/uploads\/2024\/03\/Presentacion-298x223.jpg 298w, https:\/\/sotrafa.com\/wp-content\/uploads\/2024\/03\/Presentacion-400x300.jpg 400w, https:\/\/sotrafa.com\/wp-content\/uploads\/2024\/03\/Presentacion-600x450.jpg 600w, https:\/\/sotrafa.com\/wp-content\/uploads\/2024\/03\/Presentacion-768x576.jpg 768w, https:\/\/sotrafa.com\/wp-content\/uploads\/2024\/03\/Presentacion-800x600.jpg 800w, https:\/\/sotrafa.com\/wp-content\/uploads\/2024\/03\/Presentacion-1024x768.jpg 1024w, https:\/\/sotrafa.com\/wp-content\/uploads\/2024\/03\/Presentacion-1200x900.jpg 1200w, https:\/\/sotrafa.com\/wp-content\/uploads\/2024\/03\/Presentacion-1536x1152.jpg 1536w, https:\/\/sotrafa.com\/wp-content\/uploads\/2024\/03\/Presentacion.jpg 1663w\" sizes=\"(max-width: 369px) 100vw, 369px\" \/><\/p>\n<p>&#8220;Nos sentimos orgullosos de haber compartido este d\u00eda con mujeres inspiradoras que est\u00e1n marcando la diferencia en sus respectivos campos&#8221;, coment\u00f3 Jos\u00e9 Miguel Mu\u00f1oz, subdirector de Sotrafa. Al finalizar la jornada, se celebr\u00f3 un aperitivo en compa\u00f1\u00eda de las mujeres que forman parte del equipo de Sotrafa, reforzando los lazos y la solidaridad entre todos los participantes.<\/p>\n<p>La celebraci\u00f3n no solo fue una oportunidad para reconocer y valorar las contribuciones de las mujeres, sino tambi\u00e9n para reafirmar el compromiso continuo de Sotrafa con la igualdad de g\u00e9nero en el lugar de trabajo y en la sociedad en general. La compa\u00f1\u00eda reconoce la importancia de fomentar un entorno inclusivo donde todas las personas, independientemente de su g\u00e9nero, puedan alcanzar su m\u00e1ximo potencial.<\/p>\n<p>&#8220;En Sotrafa, creemos firmemente que la igualdad de g\u00e9nero no solo es un objetivo digno en s\u00ed mismo, sino tambi\u00e9n un motor para la innovaci\u00f3n, el crecimiento y el progreso&#8221;, afirm\u00f3, Ricardo Cabeza, responsable de Recursos Humanos. La empresa se compromete a seguir promoviendo la diversidad, la equidad y la inclusi\u00f3n.<\/p>\n<p>Este evento destaca el compromiso de Sotrafa con la igualdad de g\u00e9nero y su reconocimiento de la importancia de celebrar y promover la participaci\u00f3n activa de las mujeres en todos los aspectos de la sociedad y el mundo laboral.<\/p>\n<p>&nbsp;<\/p>\n","protected":false},"excerpt":{"rendered":"<p>En honor al D\u00eda Internacional de la Mujer, Sotrafa abri\u00f3 sus puertas para conmemorar esta ocasi\u00f3n significativa. Invitando a mujeres destacadas de diversas empresas y asociaciones vinculadas con su industria, la compa\u00f1\u00eda organiz\u00f3 una serie de actividades destinadas a celebrar  [&#8230;]<\/p>\n","protected":false},"author":657,"featured_media":6390,"comment_status":"closed","ping_status":"closed","sticky":false,"template":"","format":"standard","meta":{"footnotes":""},"categories":[29],"tags":[],"class_list":["post-6389","post","type-post","status-publish","format-standard","has-post-thumbnail","hentry","category-visitas"],"yoast_head":"<!-- This site is optimized with the Yoast SEO plugin v27.3 - https:\/\/yoast.com\/product\/yoast-seo-wordpress\/ -->\n<title>Sotrafa Celebra el d\u00eda de la mujer con un firme compromiso por la igualdad. - Sotrafa<\/title>\n<meta name=\"robots\" content=\"index, follow, max-snippet:-1, max-image-preview:large, max-video-preview:-1\" \/>\n<link rel=\"canonical\" href=\"https:\/\/sotrafa.com\/sotrafa-celebra-el-dia-de-la-mujer-con-un-firme-compromiso-por-la-igualdad\/\" \/>\n<meta property=\"og:locale\" content=\"en_US\" \/>\n<meta property=\"og:type\" content=\"article\" \/>\n<meta property=\"og:title\" content=\"Sotrafa Celebra el d\u00eda de la mujer con un firme compromiso por la igualdad. - Sotrafa\" \/>\n<meta property=\"og:description\" content=\"En honor al D\u00eda Internacional de la Mujer, Sotrafa abri\u00f3 sus puertas para conmemorar esta ocasi\u00f3n significativa. Invitando a mujeres destacadas de diversas empresas y asociaciones vinculadas con su industria, la compa\u00f1\u00eda organiz\u00f3 una serie de actividades destinadas a celebrar [...]\" \/>\n<meta property=\"og:url\" content=\"https:\/\/sotrafa.com\/sotrafa-celebra-el-dia-de-la-mujer-con-un-firme-compromiso-por-la-igualdad\/\" \/>\n<meta property=\"og:site_name\" content=\"Sotrafa\" \/>\n<meta property=\"article:published_time\" content=\"2024-03-13T15:49:49+00:00\" \/>\n<meta property=\"article:modified_time\" content=\"2024-03-13T16:41:51+00:00\" \/>\n<meta property=\"og:image\" content=\"https:\/\/sotrafa.com\/wp-content\/uploads\/2024\/03\/Escalinata-2-scaled.jpeg\" \/>\n\t<meta property=\"og:image:width\" content=\"2560\" \/>\n\t<meta property=\"og:image:height\" content=\"1920\" \/>\n\t<meta property=\"og:image:type\" content=\"image\/jpeg\" \/>\n<meta name=\"author\" content=\"Plataforma\" \/>\n<meta name=\"twitter:card\" content=\"summary_large_image\" \/>\n<meta name=\"twitter:label1\" content=\"Written by\" \/>\n\t<meta name=\"twitter:data1\" content=\"Plataforma\" \/>\n\t<meta name=\"twitter:label2\" content=\"Est. reading time\" \/>\n\t<meta name=\"twitter:data2\" content=\"2 minutes\" \/>\n<script type=\"application\/ld+json\" class=\"yoast-schema-graph\">{\"@context\":\"https:\\\/\\\/schema.org\",\"@graph\":[{\"@type\":\"Article\",\"@id\":\"https:\\\/\\\/sotrafa.com\\\/sotrafa-celebra-el-dia-de-la-mujer-con-un-firme-compromiso-por-la-igualdad\\\/#article\",\"isPartOf\":{\"@id\":\"https:\\\/\\\/sotrafa.com\\\/sotrafa-celebra-el-dia-de-la-mujer-con-un-firme-compromiso-por-la-igualdad\\\/\"},\"author\":{\"name\":\"Plataforma\",\"@id\":\"https:\\\/\\\/sotrafa.com\\\/#\\\/schema\\\/person\\\/aa3ef3add5bf3efdcfef8d3a9400be51\"},\"headline\":\"Sotrafa Celebra el d\u00eda de la mujer con un firme compromiso por la igualdad.\",\"datePublished\":\"2024-03-13T15:49:49+00:00\",\"dateModified\":\"2024-03-13T16:41:51+00:00\",\"mainEntityOfPage\":{\"@id\":\"https:\\\/\\\/sotrafa.com\\\/sotrafa-celebra-el-dia-de-la-mujer-con-un-firme-compromiso-por-la-igualdad\\\/\"},\"wordCount\":362,\"image\":{\"@id\":\"https:\\\/\\\/sotrafa.com\\\/sotrafa-celebra-el-dia-de-la-mujer-con-un-firme-compromiso-por-la-igualdad\\\/#primaryimage\"},\"thumbnailUrl\":\"https:\\\/\\\/sotrafa.com\\\/wp-content\\\/uploads\\\/2024\\\/03\\\/Escalinata-2-scaled.jpeg\",\"articleSection\":[\"Visitas\"],\"inLanguage\":\"en\"},{\"@type\":\"WebPage\",\"@id\":\"https:\\\/\\\/sotrafa.com\\\/sotrafa-celebra-el-dia-de-la-mujer-con-un-firme-compromiso-por-la-igualdad\\\/\",\"url\":\"https:\\\/\\\/sotrafa.com\\\/sotrafa-celebra-el-dia-de-la-mujer-con-un-firme-compromiso-por-la-igualdad\\\/\",\"name\":\"Sotrafa Celebra el d\u00eda de la mujer con un firme compromiso por la igualdad. - Sotrafa\",\"isPartOf\":{\"@id\":\"https:\\\/\\\/sotrafa.com\\\/#website\"},\"primaryImageOfPage\":{\"@id\":\"https:\\\/\\\/sotrafa.com\\\/sotrafa-celebra-el-dia-de-la-mujer-con-un-firme-compromiso-por-la-igualdad\\\/#primaryimage\"},\"image\":{\"@id\":\"https:\\\/\\\/sotrafa.com\\\/sotrafa-celebra-el-dia-de-la-mujer-con-un-firme-compromiso-por-la-igualdad\\\/#primaryimage\"},\"thumbnailUrl\":\"https:\\\/\\\/sotrafa.com\\\/wp-content\\\/uploads\\\/2024\\\/03\\\/Escalinata-2-scaled.jpeg\",\"datePublished\":\"2024-03-13T15:49:49+00:00\",\"dateModified\":\"2024-03-13T16:41:51+00:00\",\"author\":{\"@id\":\"https:\\\/\\\/sotrafa.com\\\/#\\\/schema\\\/person\\\/aa3ef3add5bf3efdcfef8d3a9400be51\"},\"breadcrumb\":{\"@id\":\"https:\\\/\\\/sotrafa.com\\\/sotrafa-celebra-el-dia-de-la-mujer-con-un-firme-compromiso-por-la-igualdad\\\/#breadcrumb\"},\"inLanguage\":\"en\",\"potentialAction\":[{\"@type\":\"ReadAction\",\"target\":[\"https:\\\/\\\/sotrafa.com\\\/sotrafa-celebra-el-dia-de-la-mujer-con-un-firme-compromiso-por-la-igualdad\\\/\"]}]},{\"@type\":\"ImageObject\",\"inLanguage\":\"en\",\"@id\":\"https:\\\/\\\/sotrafa.com\\\/sotrafa-celebra-el-dia-de-la-mujer-con-un-firme-compromiso-por-la-igualdad\\\/#primaryimage\",\"url\":\"https:\\\/\\\/sotrafa.com\\\/wp-content\\\/uploads\\\/2024\\\/03\\\/Escalinata-2-scaled.jpeg\",\"contentUrl\":\"https:\\\/\\\/sotrafa.com\\\/wp-content\\\/uploads\\\/2024\\\/03\\\/Escalinata-2-scaled.jpeg\",\"width\":2560,\"height\":1920},{\"@type\":\"BreadcrumbList\",\"@id\":\"https:\\\/\\\/sotrafa.com\\\/sotrafa-celebra-el-dia-de-la-mujer-con-un-firme-compromiso-por-la-igualdad\\\/#breadcrumb\",\"itemListElement\":[{\"@type\":\"ListItem\",\"position\":1,\"name\":\"Home\",\"item\":\"https:\\\/\\\/sotrafa.com\\\/en\\\/\"},{\"@type\":\"ListItem\",\"position\":2,\"name\":\"Sotrafa Celebra el d\u00eda de la mujer con un firme compromiso por la igualdad.\"}]},{\"@type\":\"WebSite\",\"@id\":\"https:\\\/\\\/sotrafa.com\\\/#website\",\"url\":\"https:\\\/\\\/sotrafa.com\\\/\",\"name\":\"Sotrafa\",\"description\":\"Producimos una amplia gama de Pl\u00e1sticos para uso agr\u00edcola y hort\u00edcola, ganadero, construcci\u00f3n, e impermeabilizaci\u00f3n.\",\"potentialAction\":[{\"@type\":\"SearchAction\",\"target\":{\"@type\":\"EntryPoint\",\"urlTemplate\":\"https:\\\/\\\/sotrafa.com\\\/?s={search_term_string}\"},\"query-input\":{\"@type\":\"PropertyValueSpecification\",\"valueRequired\":true,\"valueName\":\"search_term_string\"}}],\"inLanguage\":\"en\"},{\"@type\":\"Person\",\"@id\":\"https:\\\/\\\/sotrafa.com\\\/#\\\/schema\\\/person\\\/aa3ef3add5bf3efdcfef8d3a9400be51\",\"name\":\"Plataforma\",\"url\":\"https:\\\/\\\/sotrafa.com\\\/en\\\/author\\\/plataforma\\\/\"}]}<\/script>\n<!-- \/ Yoast SEO plugin. -->","yoast_head_json":{"title":"Sotrafa Celebra el d\u00eda de la mujer con un firme compromiso por la igualdad. - Sotrafa","robots":{"index":"index","follow":"follow","max-snippet":"max-snippet:-1","max-image-preview":"max-image-preview:large","max-video-preview":"max-video-preview:-1"},"canonical":"https:\/\/sotrafa.com\/sotrafa-celebra-el-dia-de-la-mujer-con-un-firme-compromiso-por-la-igualdad\/","og_locale":"en_US","og_type":"article","og_title":"Sotrafa Celebra el d\u00eda de la mujer con un firme compromiso por la igualdad. - Sotrafa","og_description":"En honor al D\u00eda Internacional de la Mujer, Sotrafa abri\u00f3 sus puertas para conmemorar esta ocasi\u00f3n significativa. Invitando a mujeres destacadas de diversas empresas y asociaciones vinculadas con su industria, la compa\u00f1\u00eda organiz\u00f3 una serie de actividades destinadas a celebrar [...]","og_url":"https:\/\/sotrafa.com\/sotrafa-celebra-el-dia-de-la-mujer-con-un-firme-compromiso-por-la-igualdad\/","og_site_name":"Sotrafa","article_published_time":"2024-03-13T15:49:49+00:00","article_modified_time":"2024-03-13T16:41:51+00:00","og_image":[{"width":2560,"height":1920,"url":"https:\/\/sotrafa.com\/wp-content\/uploads\/2024\/03\/Escalinata-2-scaled.jpeg","type":"image\/jpeg"}],"author":"Plataforma","twitter_card":"summary_large_image","twitter_misc":{"Written by":"Plataforma","Est. reading time":"2 minutes"},"schema":{"@context":"https:\/\/schema.org","@graph":[{"@type":"Article","@id":"https:\/\/sotrafa.com\/sotrafa-celebra-el-dia-de-la-mujer-con-un-firme-compromiso-por-la-igualdad\/#article","isPartOf":{"@id":"https:\/\/sotrafa.com\/sotrafa-celebra-el-dia-de-la-mujer-con-un-firme-compromiso-por-la-igualdad\/"},"author":{"name":"Plataforma","@id":"https:\/\/sotrafa.com\/#\/schema\/person\/aa3ef3add5bf3efdcfef8d3a9400be51"},"headline":"Sotrafa Celebra el d\u00eda de la mujer con un firme compromiso por la igualdad.","datePublished":"2024-03-13T15:49:49+00:00","dateModified":"2024-03-13T16:41:51+00:00","mainEntityOfPage":{"@id":"https:\/\/sotrafa.com\/sotrafa-celebra-el-dia-de-la-mujer-con-un-firme-compromiso-por-la-igualdad\/"},"wordCount":362,"image":{"@id":"https:\/\/sotrafa.com\/sotrafa-celebra-el-dia-de-la-mujer-con-un-firme-compromiso-por-la-igualdad\/#primaryimage"},"thumbnailUrl":"https:\/\/sotrafa.com\/wp-content\/uploads\/2024\/03\/Escalinata-2-scaled.jpeg","articleSection":["Visitas"],"inLanguage":"en"},{"@type":"WebPage","@id":"https:\/\/sotrafa.com\/sotrafa-celebra-el-dia-de-la-mujer-con-un-firme-compromiso-por-la-igualdad\/","url":"https:\/\/sotrafa.com\/sotrafa-celebra-el-dia-de-la-mujer-con-un-firme-compromiso-por-la-igualdad\/","name":"Sotrafa Celebra el d\u00eda de la mujer con un firme compromiso por la igualdad. - Sotrafa","isPartOf":{"@id":"https:\/\/sotrafa.com\/#website"},"primaryImageOfPage":{"@id":"https:\/\/sotrafa.com\/sotrafa-celebra-el-dia-de-la-mujer-con-un-firme-compromiso-por-la-igualdad\/#primaryimage"},"image":{"@id":"https:\/\/sotrafa.com\/sotrafa-celebra-el-dia-de-la-mujer-con-un-firme-compromiso-por-la-igualdad\/#primaryimage"},"thumbnailUrl":"https:\/\/sotrafa.com\/wp-content\/uploads\/2024\/03\/Escalinata-2-scaled.jpeg","datePublished":"2024-03-13T15:49:49+00:00","dateModified":"2024-03-13T16:41:51+00:00","author":{"@id":"https:\/\/sotrafa.com\/#\/schema\/person\/aa3ef3add5bf3efdcfef8d3a9400be51"},"breadcrumb":{"@id":"https:\/\/sotrafa.com\/sotrafa-celebra-el-dia-de-la-mujer-con-un-firme-compromiso-por-la-igualdad\/#breadcrumb"},"inLanguage":"en","potentialAction":[{"@type":"ReadAction","target":["https:\/\/sotrafa.com\/sotrafa-celebra-el-dia-de-la-mujer-con-un-firme-compromiso-por-la-igualdad\/"]}]},{"@type":"ImageObject","inLanguage":"en","@id":"https:\/\/sotrafa.com\/sotrafa-celebra-el-dia-de-la-mujer-con-un-firme-compromiso-por-la-igualdad\/#primaryimage","url":"https:\/\/sotrafa.com\/wp-content\/uploads\/2024\/03\/Escalinata-2-scaled.jpeg","contentUrl":"https:\/\/sotrafa.com\/wp-content\/uploads\/2024\/03\/Escalinata-2-scaled.jpeg","width":2560,"height":1920},{"@type":"BreadcrumbList","@id":"https:\/\/sotrafa.com\/sotrafa-celebra-el-dia-de-la-mujer-con-un-firme-compromiso-por-la-igualdad\/#breadcrumb","itemListElement":[{"@type":"ListItem","position":1,"name":"Home","item":"https:\/\/sotrafa.com\/en\/"},{"@type":"ListItem","position":2,"name":"Sotrafa Celebra el d\u00eda de la mujer con un firme compromiso por la igualdad."}]},{"@type":"WebSite","@id":"https:\/\/sotrafa.com\/#website","url":"https:\/\/sotrafa.com\/","name":"Sotrafa","description":"Producimos una amplia gama de Pl\u00e1sticos para uso agr\u00edcola y hort\u00edcola, ganadero, construcci\u00f3n, e impermeabilizaci\u00f3n.","potentialAction":[{"@type":"SearchAction","target":{"@type":"EntryPoint","urlTemplate":"https:\/\/sotrafa.com\/?s={search_term_string}"},"query-input":{"@type":"PropertyValueSpecification","valueRequired":true,"valueName":"search_term_string"}}],"inLanguage":"en"},{"@type":"Person","@id":"https:\/\/sotrafa.com\/#\/schema\/person\/aa3ef3add5bf3efdcfef8d3a9400be51","name":"Plataforma","url":"https:\/\/sotrafa.com\/en\/author\/plataforma\/"}]}},"_links":{"self":[{"href":"https:\/\/sotrafa.com\/en\/wp-json\/wp\/v2\/posts\/6389","targetHints":{"allow":["GET"]}}],"collection":[{"href":"https:\/\/sotrafa.com\/en\/wp-json\/wp\/v2\/posts"}],"about":[{"href":"https:\/\/sotrafa.com\/en\/wp-json\/wp\/v2\/types\/post"}],"author":[{"embeddable":true,"href":"https:\/\/sotrafa.com\/en\/wp-json\/wp\/v2\/users\/657"}],"replies":[{"embeddable":true,"href":"https:\/\/sotrafa.com\/en\/wp-json\/wp\/v2\/comments?post=6389"}],"version-history":[{"count":2,"href":"https:\/\/sotrafa.com\/en\/wp-json\/wp\/v2\/posts\/6389\/revisions"}],"predecessor-version":[{"id":6395,"href":"https:\/\/sotrafa.com\/en\/wp-json\/wp\/v2\/posts\/6389\/revisions\/6395"}],"wp:featuredmedia":[{"embeddable":true,"href":"https:\/\/sotrafa.com\/en\/wp-json\/wp\/v2\/media\/6390"}],"wp:attachment":[{"href":"https:\/\/sotrafa.com\/en\/wp-json\/wp\/v2\/media?parent=6389"}],"wp:term":[{"taxonomy":"category","embeddable":true,"href":"https:\/\/sotrafa.com\/en\/wp-json\/wp\/v2\/categories?post=6389"},{"taxonomy":"post_tag","embeddable":true,"href":"https:\/\/sotrafa.com\/en\/wp-json\/wp\/v2\/tags?post=6389"}],"curies":[{"name":"wp","href":"https:\/\/api.w.org\/{rel}","templated":true}]}}